{"id":5120,"date":"2023-05-19T14:49:38","date_gmt":"2023-05-19T14:49:38","guid":{"rendered":"https:\/\/replant.pt\/?p=5120"},"modified":"2023-05-19T14:53:28","modified_gmt":"2023-05-19T14:53:28","slug":"strategies-for-the-forest-sociedade-civil","status":"publish","type":"post","link":"https:\/\/replant.pt\/en\/strategies-for-the-forest-sociedade-civil\/","title":{"rendered":"Strategies for the Forest, Sociedade Civil"},"content":{"rendered":"<p>On May 16th , Carlos Fonseca (CTO of CoLAB ForestWISE), Jos\u00e9 Luis Carvalho (NAVIGATOR), Jo\u00e3o Gaspar (REN), In\u00eas Fraz\u00e3o and Jos\u00e9 Fraz\u00e3o (FRAVIZEL) and Maria Em\u00edlia Silva (UTAD) were present on the program &#8220;Sociedade Civil&#8221; on RTP 2, where strategies for the valorization of national forests, such as the mobilizing project rePLANT, were discussed. The use of robotics in forest cleaning, remote sensing technology, were some of the strategies mentioned.<\/p>\n<h4 style=\"text-align: right;\">View <a href=\"https:\/\/www.rtp.pt\/play\/p11183\/e692065\/sociedade-civil\" target=\"_blank\" rel=\"noopener\">Video<\/a> (PT)<\/h4>\n","protected":false},"excerpt":{"rendered":"<p>On May 16th , Carlos Fonseca (CTO of CoLAB ForestWISE), Jos\u00e9 Luis Carvalho (NAVIGATOR), Jo\u00e3o Gaspar (REN), In\u00eas Fraz\u00e3o and Jos\u00e9 Fraz\u00e3o (FRAVIZEL) and Maria Em\u00edlia Silva (UTAD) were present on the program &#8220;Sociedade Civil&#8221; on RTP 2, where strategies for the valorization of national forests, such as the mobilizing project rePLANT, were discussed. The [&hellip;]<\/p>\n","protected":false},"author":4,"featured_media":5115,"comment_status":"closed","ping_status":"closed","sticky":false,"template":"","format":"standard","meta":{"inline_featured_image":false,"footnotes":""},"categories":[19],"tags":[],"class_list":["post-5120","post","type-post","status-publish","format-standard","has-post-thumbnail","hentry","category-replant-news"],"yoast_head":"<!-- This site is optimized with the Yoast SEO plugin v20.11 - https:\/\/yoast.com\/wordpress\/plugins\/seo\/ -->\r\n<title>Strategies for the Forest, Sociedade Civil - REPLANT<\/title>\r\n<meta name=\"robots\" content=\"index, follow, max-snippet:-1, max-image-preview:large, max-video-preview:-1\" \/>\r\n<link rel=\"canonical\" href=\"https:\/\/replant.pt\/en\/strategies-for-the-forest-sociedade-civil\/\" \/>\r\n<meta property=\"og:locale\" content=\"en_US\" \/>\r\n<meta property=\"og:type\" content=\"article\" \/>\r\n<meta property=\"og:title\" content=\"Strategies for the Forest, Sociedade Civil - REPLANT\" \/>\r\n<meta property=\"og:description\" content=\"On May 16th , Carlos Fonseca (CTO of CoLAB ForestWISE), Jos\u00e9 Luis Carvalho (NAVIGATOR), Jo\u00e3o Gaspar (REN), In\u00eas Fraz\u00e3o and Jos\u00e9 Fraz\u00e3o (FRAVIZEL) and Maria Em\u00edlia Silva (UTAD) were present on the program &#8220;Sociedade Civil&#8221; on RTP 2, where strategies for the valorization of national forests, such as the mobilizing project rePLANT, were discussed. The [&hellip;]\" \/>\r\n<meta property=\"og:url\" content=\"https:\/\/replant.pt\/en\/strategies-for-the-forest-sociedade-civil\/\" \/>\r\n<meta property=\"og:site_name\" content=\"REPLANT\" \/>\r\n<meta property=\"article:published_time\" content=\"2023-05-19T14:49:38+00:00\" \/>\r\n<meta property=\"article:modified_time\" content=\"2023-05-19T14:53:28+00:00\" \/>\r\n<meta property=\"og:image\" content=\"https:\/\/replant.pt\/wp-content\/uploads\/2023\/05\/MicrosoftTeams-image-20.png\" \/>\r\n\t<meta property=\"og:image:width\" content=\"1746\" \/>\r\n\t<meta property=\"og:image:height\" content=\"977\" \/>\r\n\t<meta property=\"og:image:type\" content=\"image\/png\" \/>\r\n<meta name=\"author\" content=\"ForestWISE\" \/>\r\n<meta name=\"twitter:card\" content=\"summary_large_image\" \/>\r\n<meta name=\"twitter:label1\" content=\"Written by\" \/>\n\t<meta name=\"twitter:data1\" content=\"ForestWISE\" \/>\n\t<meta name=\"twitter:label2\" content=\"Est. reading time\" \/>\n\t<meta name=\"twitter:data2\" content=\"1 minute\" \/>\r\n<script type=\"application\/ld+json\" class=\"yoast-schema-graph\">{\"@context\":\"https:\/\/schema.org\",\"@graph\":[{\"@type\":\"Article\",\"@id\":\"https:\/\/replant.pt\/en\/strategies-for-the-forest-sociedade-civil\/#article\",\"isPartOf\":{\"@id\":\"https:\/\/replant.pt\/en\/strategies-for-the-forest-sociedade-civil\/\"},\"author\":{\"name\":\"ForestWISE\",\"@id\":\"https:\/\/replant.pt\/en\/#\/schema\/person\/53dae6098441658a0c0b6a0f45cf14d3\"},\"headline\":\"Strategies for the Forest, Sociedade Civil\",\"datePublished\":\"2023-05-19T14:49:38+00:00\",\"dateModified\":\"2023-05-19T14:53:28+00:00\",\"mainEntityOfPage\":{\"@id\":\"https:\/\/replant.pt\/en\/strategies-for-the-forest-sociedade-civil\/\"},\"wordCount\":82,\"publisher\":{\"@id\":\"https:\/\/replant.pt\/en\/#organization\"},\"articleSection\":[\"rePLANt News\"],\"inLanguage\":\"en-US\"},{\"@type\":\"WebPage\",\"@id\":\"https:\/\/replant.pt\/en\/strategies-for-the-forest-sociedade-civil\/\",\"url\":\"https:\/\/replant.pt\/en\/strategies-for-the-forest-sociedade-civil\/\",\"name\":\"Strategies for the Forest, Sociedade Civil - REPLANT\",\"isPartOf\":{\"@id\":\"https:\/\/replant.pt\/en\/#website\"},\"datePublished\":\"2023-05-19T14:49:38+00:00\",\"dateModified\":\"2023-05-19T14:53:28+00:00\",\"breadcrumb\":{\"@id\":\"https:\/\/replant.pt\/en\/strategies-for-the-forest-sociedade-civil\/#breadcrumb\"},\"inLanguage\":\"en-US\",\"potentialAction\":[{\"@type\":\"ReadAction\",\"target\":[\"https:\/\/replant.pt\/en\/strategies-for-the-forest-sociedade-civil\/\"]}]},{\"@type\":\"BreadcrumbList\",\"@id\":\"https:\/\/replant.pt\/en\/strategies-for-the-forest-sociedade-civil\/#breadcrumb\",\"itemListElement\":[{\"@type\":\"ListItem\",\"position\":1,\"name\":\"Home\",\"item\":\"https:\/\/replant.pt\/en\/\"},{\"@type\":\"ListItem\",\"position\":2,\"name\":\"Strategies for the Forest, Sociedade Civil\"}]},{\"@type\":\"WebSite\",\"@id\":\"https:\/\/replant.pt\/en\/#website\",\"url\":\"https:\/\/replant.pt\/en\/\",\"name\":\"REPLANT\",\"description\":\"\",\"publisher\":{\"@id\":\"https:\/\/replant.pt\/en\/#organization\"},\"potentialAction\":[{\"@type\":\"SearchAction\",\"target\":{\"@type\":\"EntryPoint\",\"urlTemplate\":\"https:\/\/replant.pt\/en\/?s={search_term_string}\"},\"query-input\":\"required name=search_term_string\"}],\"inLanguage\":\"en-US\"},{\"@type\":\"Organization\",\"@id\":\"https:\/\/replant.pt\/en\/#organization\",\"name\":\"REPLANT\",\"url\":\"https:\/\/replant.pt\/en\/\",\"logo\":{\"@type\":\"ImageObject\",\"inLanguage\":\"en-US\",\"@id\":\"https:\/\/replant.pt\/en\/#\/schema\/logo\/image\/\",\"url\":\"https:\/\/replant.pt\/wp-content\/uploads\/2021\/02\/cropped-replant_logo.png\",\"contentUrl\":\"https:\/\/replant.pt\/wp-content\/uploads\/2021\/02\/cropped-replant_logo.png\",\"width\":1294,\"height\":386,\"caption\":\"REPLANT\"},\"image\":{\"@id\":\"https:\/\/replant.pt\/en\/#\/schema\/logo\/image\/\"}},{\"@type\":\"Person\",\"@id\":\"https:\/\/replant.pt\/en\/#\/schema\/person\/53dae6098441658a0c0b6a0f45cf14d3\",\"name\":\"ForestWISE\",\"image\":{\"@type\":\"ImageObject\",\"inLanguage\":\"en-US\",\"@id\":\"https:\/\/replant.pt\/en\/#\/schema\/person\/image\/\",\"url\":\"https:\/\/secure.gravatar.com\/avatar\/926efd7a29563d936829ab2ac53d0aa051865db1b34e9a9d083b63d19b9520ca?s=96&d=mm&r=g\",\"contentUrl\":\"https:\/\/secure.gravatar.com\/avatar\/926efd7a29563d936829ab2ac53d0aa051865db1b34e9a9d083b63d19b9520ca?s=96&d=mm&r=g\",\"caption\":\"ForestWISE\"},\"url\":\"https:\/\/replant.pt\/en\/author\/forestwise\/\"}]}<\/script>\r\n<!-- \/ Yoast SEO plugin. -->","yoast_head_json":{"title":"Strategies for the Forest, Sociedade Civil - REPLANT","robots":{"index":"index","follow":"follow","max-snippet":"max-snippet:-1","max-image-preview":"max-image-preview:large","max-video-preview":"max-video-preview:-1"},"canonical":"https:\/\/replant.pt\/en\/strategies-for-the-forest-sociedade-civil\/","og_locale":"en_US","og_type":"article","og_title":"Strategies for the Forest, Sociedade Civil - REPLANT","og_description":"On May 16th , Carlos Fonseca (CTO of CoLAB ForestWISE), Jos\u00e9 Luis Carvalho (NAVIGATOR), Jo\u00e3o Gaspar (REN), In\u00eas Fraz\u00e3o and Jos\u00e9 Fraz\u00e3o (FRAVIZEL) and Maria Em\u00edlia Silva (UTAD) were present on the program &#8220;Sociedade Civil&#8221; on RTP 2, where strategies for the valorization of national forests, such as the mobilizing project rePLANT, were discussed. The [&hellip;]","og_url":"https:\/\/replant.pt\/en\/strategies-for-the-forest-sociedade-civil\/","og_site_name":"REPLANT","article_published_time":"2023-05-19T14:49:38+00:00","article_modified_time":"2023-05-19T14:53:28+00:00","og_image":[{"width":1746,"height":977,"url":"https:\/\/replant.pt\/wp-content\/uploads\/2023\/05\/MicrosoftTeams-image-20.png","type":"image\/png"}],"author":"ForestWISE","twitter_card":"summary_large_image","twitter_misc":{"Written by":"ForestWISE","Est. reading time":"1 minute"},"schema":{"@context":"https:\/\/schema.org","@graph":[{"@type":"Article","@id":"https:\/\/replant.pt\/en\/strategies-for-the-forest-sociedade-civil\/#article","isPartOf":{"@id":"https:\/\/replant.pt\/en\/strategies-for-the-forest-sociedade-civil\/"},"author":{"name":"ForestWISE","@id":"https:\/\/replant.pt\/en\/#\/schema\/person\/53dae6098441658a0c0b6a0f45cf14d3"},"headline":"Strategies for the Forest, Sociedade Civil","datePublished":"2023-05-19T14:49:38+00:00","dateModified":"2023-05-19T14:53:28+00:00","mainEntityOfPage":{"@id":"https:\/\/replant.pt\/en\/strategies-for-the-forest-sociedade-civil\/"},"wordCount":82,"publisher":{"@id":"https:\/\/replant.pt\/en\/#organization"},"articleSection":["rePLANt News"],"inLanguage":"en-US"},{"@type":"WebPage","@id":"https:\/\/replant.pt\/en\/strategies-for-the-forest-sociedade-civil\/","url":"https:\/\/replant.pt\/en\/strategies-for-the-forest-sociedade-civil\/","name":"Strategies for the Forest, Sociedade Civil - REPLANT","isPartOf":{"@id":"https:\/\/replant.pt\/en\/#website"},"datePublished":"2023-05-19T14:49:38+00:00","dateModified":"2023-05-19T14:53:28+00:00","breadcrumb":{"@id":"https:\/\/replant.pt\/en\/strategies-for-the-forest-sociedade-civil\/#breadcrumb"},"inLanguage":"en-US","potentialAction":[{"@type":"ReadAction","target":["https:\/\/replant.pt\/en\/strategies-for-the-forest-sociedade-civil\/"]}]},{"@type":"BreadcrumbList","@id":"https:\/\/replant.pt\/en\/strategies-for-the-forest-sociedade-civil\/#breadcrumb","itemListElement":[{"@type":"ListItem","position":1,"name":"Home","item":"https:\/\/replant.pt\/en\/"},{"@type":"ListItem","position":2,"name":"Strategies for the Forest, Sociedade Civil"}]},{"@type":"WebSite","@id":"https:\/\/replant.pt\/en\/#website","url":"https:\/\/replant.pt\/en\/","name":"REPLANT","description":"","publisher":{"@id":"https:\/\/replant.pt\/en\/#organization"},"potentialAction":[{"@type":"SearchAction","target":{"@type":"EntryPoint","urlTemplate":"https:\/\/replant.pt\/en\/?s={search_term_string}"},"query-input":"required name=search_term_string"}],"inLanguage":"en-US"},{"@type":"Organization","@id":"https:\/\/replant.pt\/en\/#organization","name":"REPLANT","url":"https:\/\/replant.pt\/en\/","logo":{"@type":"ImageObject","inLanguage":"en-US","@id":"https:\/\/replant.pt\/en\/#\/schema\/logo\/image\/","url":"https:\/\/replant.pt\/wp-content\/uploads\/2021\/02\/cropped-replant_logo.png","contentUrl":"https:\/\/replant.pt\/wp-content\/uploads\/2021\/02\/cropped-replant_logo.png","width":1294,"height":386,"caption":"REPLANT"},"image":{"@id":"https:\/\/replant.pt\/en\/#\/schema\/logo\/image\/"}},{"@type":"Person","@id":"https:\/\/replant.pt\/en\/#\/schema\/person\/53dae6098441658a0c0b6a0f45cf14d3","name":"ForestWISE","image":{"@type":"ImageObject","inLanguage":"en-US","@id":"https:\/\/replant.pt\/en\/#\/schema\/person\/image\/","url":"https:\/\/secure.gravatar.com\/avatar\/926efd7a29563d936829ab2ac53d0aa051865db1b34e9a9d083b63d19b9520ca?s=96&d=mm&r=g","contentUrl":"https:\/\/secure.gravatar.com\/avatar\/926efd7a29563d936829ab2ac53d0aa051865db1b34e9a9d083b63d19b9520ca?s=96&d=mm&r=g","caption":"ForestWISE"},"url":"https:\/\/replant.pt\/en\/author\/forestwise\/"}]}},"_links":{"self":[{"href":"https:\/\/replant.pt\/en\/wp-json\/wp\/v2\/posts\/5120","targetHints":{"allow":["GET"]}}],"collection":[{"href":"https:\/\/replant.pt\/en\/wp-json\/wp\/v2\/posts"}],"about":[{"href":"https:\/\/replant.pt\/en\/wp-json\/wp\/v2\/types\/post"}],"author":[{"embeddable":true,"href":"https:\/\/replant.pt\/en\/wp-json\/wp\/v2\/users\/4"}],"replies":[{"embeddable":true,"href":"https:\/\/replant.pt\/en\/wp-json\/wp\/v2\/comments?post=5120"}],"version-history":[{"count":3,"href":"https:\/\/replant.pt\/en\/wp-json\/wp\/v2\/posts\/5120\/revisions"}],"predecessor-version":[{"id":5123,"href":"https:\/\/replant.pt\/en\/wp-json\/wp\/v2\/posts\/5120\/revisions\/5123"}],"wp:featuredmedia":[{"embeddable":true,"href":"https:\/\/replant.pt\/en\/wp-json\/wp\/v2\/media\/5115"}],"wp:attachment":[{"href":"https:\/\/replant.pt\/en\/wp-json\/wp\/v2\/media?parent=5120"}],"wp:term":[{"taxonomy":"category","embeddable":true,"href":"https:\/\/replant.pt\/en\/wp-json\/wp\/v2\/categories?post=5120"},{"taxonomy":"post_tag","embeddable":true,"href":"https:\/\/replant.pt\/en\/wp-json\/wp\/v2\/tags?post=5120"}],"curies":[{"name":"wp","href":"https:\/\/api.w.org\/{rel}","templated":true}]}}