{"id":5282,"date":"2023-06-06T13:51:30","date_gmt":"2023-06-06T13:51:30","guid":{"rendered":"https:\/\/replant.pt\/?p=5282"},"modified":"2023-06-06T14:24:38","modified_gmt":"2023-06-06T14:24:38","slug":"projects-for-forest-valorization-and-fire-management-mobilize-20-entities-in-an-investment-of-5-6-million-gazeta-rural","status":"publish","type":"post","link":"https:\/\/replant.pt\/en\/projects-for-forest-valorization-and-fire-management-mobilize-20-entities-in-an-investment-of-5-6-million-gazeta-rural\/","title":{"rendered":"Projects for forest valorization and fire management mobilize 20 entities in an investment of 5.6 million, Gazeta Rural"},"content":{"rendered":"<p>The event &#8220;Digital Forestry: Take it to the next level&#8221;, to be held on June 1, at 4pm, at the Electricity Museum (Tejo Power Plant), will present the results of three years of innovating for the betterment of Portugal&#8217;s woodlands, through the rePlant project. Led by The Navigator Company and in collaboration with ForestWise, this mobilizing initiative arose from the need to develop integrated and innovative solutions to ensure the sustainable management of our woodlands.<\/p>\n<p>The project involved investment of 5.6 million euros and brought together more than 20 entities, including leading companies in the sector, universities and other research and innovation bodies, whose work led to the development of new products, processes and services, largely supported by digital technologies, which help reduce the risk of fire. The goal is to improve the management and decision-making processes of forestry and energy companies, introducing a high degree of innovation in integrated forest and fire management.<\/p>\n<p>Taking the results of this mobilizing project as a starting point, a debate will be promoted on innovation and technology in the forest in the era of digital transformation, the future of the forest and its contribution to the bioeconomy.<\/p>\n<p>In focus will be the technologies and strategies that enable the integrated management of forest and fire; new products, processes and services that contribute to reducing the risk of fire; and the impact on job creation and internationalization of companies in the sector.<\/p>\n<p>In an opportunity to discuss the challenges and solutions to boost the forestry sector, the event will also host a panel discussion with the participation of Jo\u00e3o Faria Concei\u00e7\u00e3o, COO of REN; Ant\u00f3nio Redondo, CEO of The Navigator Company; Jos\u00e9 Soares de Pina, CEO of Altri, SGPS; and Jos\u00e9 Manuel Bigares Careto, Chairman of the Executive Board of E-REDES.<\/p>\n<p>In, <a href=\"https:\/\/www.gazetarural.com\/projetos-para-a-valorizacao-da-floresta-e-gestao-do-fogo-mobilizam-20-entidades-num-investimento-de-56-milhoes\/\" target=\"_blank\" rel=\"noopener\">Gazeta Rural<\/a>, 29 May 2023 (PT)<\/p>\n<h4 style=\"text-align: right;\"><\/h4>\n","protected":false},"excerpt":{"rendered":"<p>The event &#8220;Digital Forestry: Take it to the next level&#8221;, to be held on June 1, at 4pm, at the Electricity Museum (Tejo Power Plant), will present the results of three years of innovating for the betterment of Portugal&#8217;s woodlands, through the rePlant project. Led by The Navigator Company and in collaboration with ForestWise, this [&hellip;]<\/p>\n","protected":false},"author":4,"featured_media":5268,"comment_status":"closed","ping_status":"closed","sticky":false,"template":"","format":"standard","meta":{"inline_featured_image":false,"footnotes":""},"categories":[19],"tags":[],"class_list":["post-5282","post","type-post","status-publish","format-standard","has-post-thumbnail","hentry","category-replant-news"],"yoast_head":"<!-- This site is optimized with the Yoast SEO plugin v20.11 - https:\/\/yoast.com\/wordpress\/plugins\/seo\/ -->\r\n<title>Projects for forest valorization and fire management mobilize 20 entities in an investment of 5.6 million, Gazeta Rural - REPLANT<\/title>\r\n<meta name=\"robots\" content=\"index, follow, max-snippet:-1, max-image-preview:large, max-video-preview:-1\" \/>\r\n<link rel=\"canonical\" href=\"https:\/\/replant.pt\/en\/projects-for-forest-valorization-and-fire-management-mobilize-20-entities-in-an-investment-of-5-6-million-gazeta-rural\/\" \/>\r\n<meta property=\"og:locale\" content=\"en_US\" \/>\r\n<meta property=\"og:type\" content=\"article\" \/>\r\n<meta property=\"og:title\" content=\"Projects for forest valorization and fire management mobilize 20 entities in an investment of 5.6 million, Gazeta Rural - REPLANT\" \/>\r\n<meta property=\"og:description\" content=\"The event &#8220;Digital Forestry: Take it to the next level&#8221;, to be held on June 1, at 4pm, at the Electricity Museum (Tejo Power Plant), will present the results of three years of innovating for the betterment of Portugal&#8217;s woodlands, through the rePlant project. Led by The Navigator Company and in collaboration with ForestWise, this [&hellip;]\" \/>\r\n<meta property=\"og:url\" content=\"https:\/\/replant.pt\/en\/projects-for-forest-valorization-and-fire-management-mobilize-20-entities-in-an-investment-of-5-6-million-gazeta-rural\/\" \/>\r\n<meta property=\"og:site_name\" content=\"REPLANT\" \/>\r\n<meta property=\"article:published_time\" content=\"2023-06-06T13:51:30+00:00\" \/>\r\n<meta property=\"article:modified_time\" content=\"2023-06-06T14:24:38+00:00\" \/>\r\n<meta property=\"og:image\" content=\"https:\/\/replant.pt\/wp-content\/uploads\/2023\/06\/Evento-Final-Replant-20-scaled.jpg\" \/>\r\n\t<meta property=\"og:image:width\" content=\"2560\" \/>\r\n\t<meta property=\"og:image:height\" content=\"1707\" \/>\r\n\t<meta property=\"og:image:type\" content=\"image\/jpeg\" \/>\r\n<meta name=\"author\" content=\"ForestWISE\" \/>\r\n<meta name=\"twitter:card\" content=\"summary_large_image\" \/>\r\n<meta name=\"twitter:label1\" content=\"Written by\" \/>\n\t<meta name=\"twitter:data1\" content=\"ForestWISE\" \/>\n\t<meta name=\"twitter:label2\" content=\"Est. reading time\" \/>\n\t<meta name=\"twitter:data2\" content=\"2 minutes\" \/>\r\n<script type=\"application\/ld+json\" class=\"yoast-schema-graph\">{\"@context\":\"https:\/\/schema.org\",\"@graph\":[{\"@type\":\"Article\",\"@id\":\"https:\/\/replant.pt\/en\/projects-for-forest-valorization-and-fire-management-mobilize-20-entities-in-an-investment-of-5-6-million-gazeta-rural\/#article\",\"isPartOf\":{\"@id\":\"https:\/\/replant.pt\/en\/projects-for-forest-valorization-and-fire-management-mobilize-20-entities-in-an-investment-of-5-6-million-gazeta-rural\/\"},\"author\":{\"name\":\"ForestWISE\",\"@id\":\"https:\/\/replant.pt\/en\/#\/schema\/person\/53dae6098441658a0c0b6a0f45cf14d3\"},\"headline\":\"Projects for forest valorization and fire management mobilize 20 entities in an investment of 5.6 million, Gazeta Rural\",\"datePublished\":\"2023-06-06T13:51:30+00:00\",\"dateModified\":\"2023-06-06T14:24:38+00:00\",\"mainEntityOfPage\":{\"@id\":\"https:\/\/replant.pt\/en\/projects-for-forest-valorization-and-fire-management-mobilize-20-entities-in-an-investment-of-5-6-million-gazeta-rural\/\"},\"wordCount\":318,\"publisher\":{\"@id\":\"https:\/\/replant.pt\/en\/#organization\"},\"articleSection\":[\"rePLANt News\"],\"inLanguage\":\"en-US\"},{\"@type\":\"WebPage\",\"@id\":\"https:\/\/replant.pt\/en\/projects-for-forest-valorization-and-fire-management-mobilize-20-entities-in-an-investment-of-5-6-million-gazeta-rural\/\",\"url\":\"https:\/\/replant.pt\/en\/projects-for-forest-valorization-and-fire-management-mobilize-20-entities-in-an-investment-of-5-6-million-gazeta-rural\/\",\"name\":\"Projects for forest valorization and fire management mobilize 20 entities in an investment of 5.6 million, Gazeta Rural - REPLANT\",\"isPartOf\":{\"@id\":\"https:\/\/replant.pt\/en\/#website\"},\"datePublished\":\"2023-06-06T13:51:30+00:00\",\"dateModified\":\"2023-06-06T14:24:38+00:00\",\"breadcrumb\":{\"@id\":\"https:\/\/replant.pt\/en\/projects-for-forest-valorization-and-fire-management-mobilize-20-entities-in-an-investment-of-5-6-million-gazeta-rural\/#breadcrumb\"},\"inLanguage\":\"en-US\",\"potentialAction\":[{\"@type\":\"ReadAction\",\"target\":[\"https:\/\/replant.pt\/en\/projects-for-forest-valorization-and-fire-management-mobilize-20-entities-in-an-investment-of-5-6-million-gazeta-rural\/\"]}]},{\"@type\":\"BreadcrumbList\",\"@id\":\"https:\/\/replant.pt\/en\/projects-for-forest-valorization-and-fire-management-mobilize-20-entities-in-an-investment-of-5-6-million-gazeta-rural\/#breadcrumb\",\"itemListElement\":[{\"@type\":\"ListItem\",\"position\":1,\"name\":\"Home\",\"item\":\"https:\/\/replant.pt\/en\/\"},{\"@type\":\"ListItem\",\"position\":2,\"name\":\"Projects for forest valorization and fire management mobilize 20 entities in an investment of 5.6 million, Gazeta Rural\"}]},{\"@type\":\"WebSite\",\"@id\":\"https:\/\/replant.pt\/en\/#website\",\"url\":\"https:\/\/replant.pt\/en\/\",\"name\":\"REPLANT\",\"description\":\"\",\"publisher\":{\"@id\":\"https:\/\/replant.pt\/en\/#organization\"},\"potentialAction\":[{\"@type\":\"SearchAction\",\"target\":{\"@type\":\"EntryPoint\",\"urlTemplate\":\"https:\/\/replant.pt\/en\/?s={search_term_string}\"},\"query-input\":\"required name=search_term_string\"}],\"inLanguage\":\"en-US\"},{\"@type\":\"Organization\",\"@id\":\"https:\/\/replant.pt\/en\/#organization\",\"name\":\"REPLANT\",\"url\":\"https:\/\/replant.pt\/en\/\",\"logo\":{\"@type\":\"ImageObject\",\"inLanguage\":\"en-US\",\"@id\":\"https:\/\/replant.pt\/en\/#\/schema\/logo\/image\/\",\"url\":\"https:\/\/replant.pt\/wp-content\/uploads\/2021\/02\/cropped-replant_logo.png\",\"contentUrl\":\"https:\/\/replant.pt\/wp-content\/uploads\/2021\/02\/cropped-replant_logo.png\",\"width\":1294,\"height\":386,\"caption\":\"REPLANT\"},\"image\":{\"@id\":\"https:\/\/replant.pt\/en\/#\/schema\/logo\/image\/\"}},{\"@type\":\"Person\",\"@id\":\"https:\/\/replant.pt\/en\/#\/schema\/person\/53dae6098441658a0c0b6a0f45cf14d3\",\"name\":\"ForestWISE\",\"image\":{\"@type\":\"ImageObject\",\"inLanguage\":\"en-US\",\"@id\":\"https:\/\/replant.pt\/en\/#\/schema\/person\/image\/\",\"url\":\"https:\/\/secure.gravatar.com\/avatar\/926efd7a29563d936829ab2ac53d0aa051865db1b34e9a9d083b63d19b9520ca?s=96&d=mm&r=g\",\"contentUrl\":\"https:\/\/secure.gravatar.com\/avatar\/926efd7a29563d936829ab2ac53d0aa051865db1b34e9a9d083b63d19b9520ca?s=96&d=mm&r=g\",\"caption\":\"ForestWISE\"},\"url\":\"https:\/\/replant.pt\/en\/author\/forestwise\/\"}]}<\/script>\r\n<!-- \/ Yoast SEO plugin. -->","yoast_head_json":{"title":"Projects for forest valorization and fire management mobilize 20 entities in an investment of 5.6 million, Gazeta Rural - REPLANT","robots":{"index":"index","follow":"follow","max-snippet":"max-snippet:-1","max-image-preview":"max-image-preview:large","max-video-preview":"max-video-preview:-1"},"canonical":"https:\/\/replant.pt\/en\/projects-for-forest-valorization-and-fire-management-mobilize-20-entities-in-an-investment-of-5-6-million-gazeta-rural\/","og_locale":"en_US","og_type":"article","og_title":"Projects for forest valorization and fire management mobilize 20 entities in an investment of 5.6 million, Gazeta Rural - REPLANT","og_description":"The event &#8220;Digital Forestry: Take it to the next level&#8221;, to be held on June 1, at 4pm, at the Electricity Museum (Tejo Power Plant), will present the results of three years of innovating for the betterment of Portugal&#8217;s woodlands, through the rePlant project. Led by The Navigator Company and in collaboration with ForestWise, this [&hellip;]","og_url":"https:\/\/replant.pt\/en\/projects-for-forest-valorization-and-fire-management-mobilize-20-entities-in-an-investment-of-5-6-million-gazeta-rural\/","og_site_name":"REPLANT","article_published_time":"2023-06-06T13:51:30+00:00","article_modified_time":"2023-06-06T14:24:38+00:00","og_image":[{"width":2560,"height":1707,"url":"https:\/\/replant.pt\/wp-content\/uploads\/2023\/06\/Evento-Final-Replant-20-scaled.jpg","type":"image\/jpeg"}],"author":"ForestWISE","twitter_card":"summary_large_image","twitter_misc":{"Written by":"ForestWISE","Est. reading time":"2 minutes"},"schema":{"@context":"https:\/\/schema.org","@graph":[{"@type":"Article","@id":"https:\/\/replant.pt\/en\/projects-for-forest-valorization-and-fire-management-mobilize-20-entities-in-an-investment-of-5-6-million-gazeta-rural\/#article","isPartOf":{"@id":"https:\/\/replant.pt\/en\/projects-for-forest-valorization-and-fire-management-mobilize-20-entities-in-an-investment-of-5-6-million-gazeta-rural\/"},"author":{"name":"ForestWISE","@id":"https:\/\/replant.pt\/en\/#\/schema\/person\/53dae6098441658a0c0b6a0f45cf14d3"},"headline":"Projects for forest valorization and fire management mobilize 20 entities in an investment of 5.6 million, Gazeta Rural","datePublished":"2023-06-06T13:51:30+00:00","dateModified":"2023-06-06T14:24:38+00:00","mainEntityOfPage":{"@id":"https:\/\/replant.pt\/en\/projects-for-forest-valorization-and-fire-management-mobilize-20-entities-in-an-investment-of-5-6-million-gazeta-rural\/"},"wordCount":318,"publisher":{"@id":"https:\/\/replant.pt\/en\/#organization"},"articleSection":["rePLANt News"],"inLanguage":"en-US"},{"@type":"WebPage","@id":"https:\/\/replant.pt\/en\/projects-for-forest-valorization-and-fire-management-mobilize-20-entities-in-an-investment-of-5-6-million-gazeta-rural\/","url":"https:\/\/replant.pt\/en\/projects-for-forest-valorization-and-fire-management-mobilize-20-entities-in-an-investment-of-5-6-million-gazeta-rural\/","name":"Projects for forest valorization and fire management mobilize 20 entities in an investment of 5.6 million, Gazeta Rural - REPLANT","isPartOf":{"@id":"https:\/\/replant.pt\/en\/#website"},"datePublished":"2023-06-06T13:51:30+00:00","dateModified":"2023-06-06T14:24:38+00:00","breadcrumb":{"@id":"https:\/\/replant.pt\/en\/projects-for-forest-valorization-and-fire-management-mobilize-20-entities-in-an-investment-of-5-6-million-gazeta-rural\/#breadcrumb"},"inLanguage":"en-US","potentialAction":[{"@type":"ReadAction","target":["https:\/\/replant.pt\/en\/projects-for-forest-valorization-and-fire-management-mobilize-20-entities-in-an-investment-of-5-6-million-gazeta-rural\/"]}]},{"@type":"BreadcrumbList","@id":"https:\/\/replant.pt\/en\/projects-for-forest-valorization-and-fire-management-mobilize-20-entities-in-an-investment-of-5-6-million-gazeta-rural\/#breadcrumb","itemListElement":[{"@type":"ListItem","position":1,"name":"Home","item":"https:\/\/replant.pt\/en\/"},{"@type":"ListItem","position":2,"name":"Projects for forest valorization and fire management mobilize 20 entities in an investment of 5.6 million, Gazeta Rural"}]},{"@type":"WebSite","@id":"https:\/\/replant.pt\/en\/#website","url":"https:\/\/replant.pt\/en\/","name":"REPLANT","description":"","publisher":{"@id":"https:\/\/replant.pt\/en\/#organization"},"potentialAction":[{"@type":"SearchAction","target":{"@type":"EntryPoint","urlTemplate":"https:\/\/replant.pt\/en\/?s={search_term_string}"},"query-input":"required name=search_term_string"}],"inLanguage":"en-US"},{"@type":"Organization","@id":"https:\/\/replant.pt\/en\/#organization","name":"REPLANT","url":"https:\/\/replant.pt\/en\/","logo":{"@type":"ImageObject","inLanguage":"en-US","@id":"https:\/\/replant.pt\/en\/#\/schema\/logo\/image\/","url":"https:\/\/replant.pt\/wp-content\/uploads\/2021\/02\/cropped-replant_logo.png","contentUrl":"https:\/\/replant.pt\/wp-content\/uploads\/2021\/02\/cropped-replant_logo.png","width":1294,"height":386,"caption":"REPLANT"},"image":{"@id":"https:\/\/replant.pt\/en\/#\/schema\/logo\/image\/"}},{"@type":"Person","@id":"https:\/\/replant.pt\/en\/#\/schema\/person\/53dae6098441658a0c0b6a0f45cf14d3","name":"ForestWISE","image":{"@type":"ImageObject","inLanguage":"en-US","@id":"https:\/\/replant.pt\/en\/#\/schema\/person\/image\/","url":"https:\/\/secure.gravatar.com\/avatar\/926efd7a29563d936829ab2ac53d0aa051865db1b34e9a9d083b63d19b9520ca?s=96&d=mm&r=g","contentUrl":"https:\/\/secure.gravatar.com\/avatar\/926efd7a29563d936829ab2ac53d0aa051865db1b34e9a9d083b63d19b9520ca?s=96&d=mm&r=g","caption":"ForestWISE"},"url":"https:\/\/replant.pt\/en\/author\/forestwise\/"}]}},"_links":{"self":[{"href":"https:\/\/replant.pt\/en\/wp-json\/wp\/v2\/posts\/5282","targetHints":{"allow":["GET"]}}],"collection":[{"href":"https:\/\/replant.pt\/en\/wp-json\/wp\/v2\/posts"}],"about":[{"href":"https:\/\/replant.pt\/en\/wp-json\/wp\/v2\/types\/post"}],"author":[{"embeddable":true,"href":"https:\/\/replant.pt\/en\/wp-json\/wp\/v2\/users\/4"}],"replies":[{"embeddable":true,"href":"https:\/\/replant.pt\/en\/wp-json\/wp\/v2\/comments?post=5282"}],"version-history":[{"count":4,"href":"https:\/\/replant.pt\/en\/wp-json\/wp\/v2\/posts\/5282\/revisions"}],"predecessor-version":[{"id":5301,"href":"https:\/\/replant.pt\/en\/wp-json\/wp\/v2\/posts\/5282\/revisions\/5301"}],"wp:featuredmedia":[{"embeddable":true,"href":"https:\/\/replant.pt\/en\/wp-json\/wp\/v2\/media\/5268"}],"wp:attachment":[{"href":"https:\/\/replant.pt\/en\/wp-json\/wp\/v2\/media?parent=5282"}],"wp:term":[{"taxonomy":"category","embeddable":true,"href":"https:\/\/replant.pt\/en\/wp-json\/wp\/v2\/categories?post=5282"},{"taxonomy":"post_tag","embeddable":true,"href":"https:\/\/replant.pt\/en\/wp-json\/wp\/v2\/tags?post=5282"}],"curies":[{"name":"wp","href":"https:\/\/api.w.org\/{rel}","templated":true}]}}